{"id":103108,"date":"2024-07-23T12:10:21","date_gmt":"2024-07-23T10:10:21","guid":{"rendered":"https:\/\/www.linseis.com\/sem-categoria\/apoio-em-tempos-de-precos-elevados-da-energia\/"},"modified":"2026-01-12T09:33:31","modified_gmt":"2026-01-12T08:33:31","slug":"apoio-em-tempos-de-precos-elevados-da-energia","status":"publish","type":"post","link":"https:\/\/www.linseis.com\/pt-pt\/ultimas-noticias\/apoio-em-tempos-de-precos-elevados-da-energia\/","title":{"rendered":"Apoio em tempos de pre\u00e7os elevados da energia"},"content":{"rendered":"\t\t<div data-elementor-type=\"wp-post\" data-elementor-id=\"103108\" class=\"elementor elementor-103108 elementor-17885\" data-elementor-post-type=\"post\">\n\t\t\t\t<div class=\"elementor-element elementor-element-9eb8745 e-flex e-con-boxed e-con e-parent\" data-id=\"9eb8745\" data-element_type=\"container\" data-e-type=\"container\">\n\t\t\t\t\t<div class=\"e-con-inner\">\n\t\t\t\t<div class=\"elementor-element elementor-element-8a9139e elementor-invisible elementor-widget elementor-widget-heading\" data-id=\"8a9139e\" data-element_type=\"widget\" data-e-type=\"widget\" data-settings=\"{&quot;_animation&quot;:&quot;fadeInUp&quot;}\" data-widget_type=\"heading.default\">\n\t\t\t\t<div class=\"elementor-widget-container\">\n\t\t\t\t\t<h2 class=\"elementor-heading-title elementor-size-default\">Linseis doa 1.000 euros ao TC Selb\n<\/h2>\t\t\t\t<\/div>\n\t\t\t\t<\/div>\n\t\t<div class=\"elementor-element elementor-element-c95c626 e-con-full e-flex e-con e-child\" data-id=\"c95c626\" data-element_type=\"container\" data-e-type=\"container\">\n\t\t<div class=\"elementor-element elementor-element-55cbcc1 e-con-full e-flex e-con e-child\" data-id=\"55cbcc1\" data-element_type=\"container\" data-e-type=\"container\">\n\t\t\t\t<div class=\"elementor-element elementor-element-5985f18 elementor-invisible elementor-widget elementor-widget-text-editor\" data-id=\"5985f18\" data-element_type=\"widget\" data-e-type=\"widget\" data-settings=\"{&quot;_animation&quot;:&quot;fadeInUp&quot;}\" data-widget_type=\"text-editor.default\">\n\t\t\t\t<div class=\"elementor-widget-container\">\n\t\t\t\t\t\t\t\t\tTal como muitas outras organiza\u00e7\u00f5es sem fins lucrativos, o clube de t\u00e9nis de Selb, h\u00e1 muito estabelecido, debate-se particularmente com o aumento dos pre\u00e7os da energia. O clube depende das quotas dos seus membros e de donativos para financiar as suas actividades e manter as instala\u00e7\u00f5es. \t\t\t\t\t\t\t\t<\/div>\n\t\t\t\t<\/div>\n\t\t\t\t<\/div>\n\t\t<div class=\"elementor-element elementor-element-6c1620c e-con-full e-flex e-con e-child\" data-id=\"6c1620c\" data-element_type=\"container\" data-e-type=\"container\">\n\t\t\t\t<div class=\"elementor-element elementor-element-9e67235 elementor-invisible elementor-widget elementor-widget-image\" data-id=\"9e67235\" data-element_type=\"widget\" data-e-type=\"widget\" data-settings=\"{&quot;_animation&quot;:&quot;fadeInUp&quot;}\" data-widget_type=\"image.default\">\n\t\t\t\t<div class=\"elementor-widget-container\">\n\t\t\t\t\t\t\t\t\t\t\t\t\t\t\t<img fetchpriority=\"high\" decoding=\"async\" width=\"300\" height=\"181\" src=\"https:\/\/www.linseis.com\/wp-content\/uploads\/2024\/07\/Tennis-300x181-1.jpg\" class=\"attachment-large size-large wp-image-34562\" alt=\"\" \/>\t\t\t\t\t\t\t\t\t\t\t\t\t\t\t<\/div>\n\t\t\t\t<\/div>\n\t\t\t\t<\/div>\n\t\t\t\t<\/div>\n\t\t\t\t<div class=\"elementor-element elementor-element-d13172f elementor-widget elementor-widget-spacer\" data-id=\"d13172f\" data-element_type=\"widget\" data-e-type=\"widget\" data-widget_type=\"spacer.default\">\n\t\t\t\t<div class=\"elementor-widget-container\">\n\t\t\t\t\t\t\t<div class=\"elementor-spacer\">\n\t\t\t<div class=\"elementor-spacer-inner\"><\/div>\n\t\t<\/div>\n\t\t\t\t\t\t<\/div>\n\t\t\t\t<\/div>\n\t\t\t\t<div class=\"elementor-element elementor-element-c96bc61 elementor-invisible elementor-widget elementor-widget-text-editor\" data-id=\"c96bc61\" data-element_type=\"widget\" data-e-type=\"widget\" data-settings=\"{&quot;_animation&quot;:&quot;fadeInUp&quot;}\" data-widget_type=\"text-editor.default\">\n\t\t\t\t<div class=\"elementor-widget-container\">\n\t\t\t\t\t\t\t\t\t<p>Como parceiro do TC Selb, a Linseis Messger\u00e4te GmbH tem o prazer de poder apoiar o clube com um donativo de 1.000 euros. <em>&#8220;O clube teve de enfrentar um enorme aumento dos custos de energia nos \u00faltimos meses, o que representa um encargo financeiro consider\u00e1vel para o clube. Como empresa local, queremos fazer a nossa parte para garantir que a associa\u00e7\u00e3o possa continuar o seu trabalho socialmente importante e que os seus membros possam continuar a trabalhar para os seus objectivos comuns. Como membros activos da associa\u00e7\u00e3o, foi tamb\u00e9m uma preocupa\u00e7\u00e3o pessoal nossa apoiar o TC nestes tempos dif\u00edceis&#8221;,<\/em> afirma o Dr. Vincent Linseis, Diretor-Geral da Linseis. <\/p>\t\t\t\t\t\t\t\t<\/div>\n\t\t\t\t<\/div>\n\t\t\t\t<div class=\"elementor-element elementor-element-e1cfed5 elementor-widget elementor-widget-spacer\" data-id=\"e1cfed5\" data-element_type=\"widget\" data-e-type=\"widget\" data-widget_type=\"spacer.default\">\n\t\t\t\t<div class=\"elementor-widget-container\">\n\t\t\t\t\t\t\t<div class=\"elementor-spacer\">\n\t\t\t<div class=\"elementor-spacer-inner\"><\/div>\n\t\t<\/div>\n\t\t\t\t\t\t<\/div>\n\t\t\t\t<\/div>\n\t\t\t\t\t<\/div>\n\t\t\t\t<\/div>\n\t\t\t\t<\/div>\n\t\t","protected":false},"excerpt":{"rendered":"<p>Tal como muitas outras organiza\u00e7\u00f5es sem fins lucrativos, o clube de t\u00e9nis de Selb, h\u00e1 muito estabelecido, debate-se particularmente com o aumento dos pre\u00e7os da energia.<\/p>\n","protected":false},"author":3,"featured_media":36155,"comment_status":"closed","ping_status":"closed","sticky":false,"template":"","format":"standard","meta":{"_acf_changed":false,"inline_featured_image":false,"footnotes":""},"categories":[655],"tags":[],"class_list":["post-103108","post","type-post","status-publish","format-standard","has-post-thumbnail","hentry","category-ultimas-noticias"],"acf":[],"_links":{"self":[{"href":"https:\/\/www.linseis.com\/pt-pt\/wp-json\/wp\/v2\/posts\/103108","targetHints":{"allow":["GET"]}}],"collection":[{"href":"https:\/\/www.linseis.com\/pt-pt\/wp-json\/wp\/v2\/posts"}],"about":[{"href":"https:\/\/www.linseis.com\/pt-pt\/wp-json\/wp\/v2\/types\/post"}],"author":[{"embeddable":true,"href":"https:\/\/www.linseis.com\/pt-pt\/wp-json\/wp\/v2\/users\/3"}],"replies":[{"embeddable":true,"href":"https:\/\/www.linseis.com\/pt-pt\/wp-json\/wp\/v2\/comments?post=103108"}],"version-history":[{"count":0,"href":"https:\/\/www.linseis.com\/pt-pt\/wp-json\/wp\/v2\/posts\/103108\/revisions"}],"wp:featuredmedia":[{"embeddable":true,"href":"https:\/\/www.linseis.com\/pt-pt\/wp-json\/wp\/v2\/media\/36155"}],"wp:attachment":[{"href":"https:\/\/www.linseis.com\/pt-pt\/wp-json\/wp\/v2\/media?parent=103108"}],"wp:term":[{"taxonomy":"category","embeddable":true,"href":"https:\/\/www.linseis.com\/pt-pt\/wp-json\/wp\/v2\/categories?post=103108"},{"taxonomy":"post_tag","embeddable":true,"href":"https:\/\/www.linseis.com\/pt-pt\/wp-json\/wp\/v2\/tags?post=103108"}],"curies":[{"name":"wp","href":"https:\/\/api.w.org\/{rel}","templated":true}]}}