{"id":101594,"date":"2024-07-23T08:32:55","date_gmt":"2024-07-23T06:32:55","guid":{"rendered":"https:\/\/www.linseis.com\/bez-kategorii\/zycie-w-linseis-messgeraete-gmbh-selb\/"},"modified":"2026-01-16T10:01:46","modified_gmt":"2026-01-16T09:01:46","slug":"zycie-w-linseis-messgeraete-gmbh-selb","status":"publish","type":"post","link":"https:\/\/www.linseis.com\/pl\/najnowsze-wiadomosci\/zycie-w-linseis-messgeraete-gmbh-selb\/","title":{"rendered":"\u017bycie w Linseis Messger\u00e4te GmbH Selb"},"content":{"rendered":"\t\t<div data-elementor-type=\"wp-post\" data-elementor-id=\"101594\" class=\"elementor elementor-101594 elementor-16734\" data-elementor-post-type=\"post\">\n\t\t\t\t<div class=\"elementor-element elementor-element-9eb8745 e-flex e-con-boxed e-con e-parent\" data-id=\"9eb8745\" data-element_type=\"container\" data-e-type=\"container\">\n\t\t\t\t\t<div class=\"e-con-inner\">\n\t\t\t\t<div class=\"elementor-element elementor-element-8a9139e elementor-invisible elementor-widget elementor-widget-heading\" data-id=\"8a9139e\" data-element_type=\"widget\" data-e-type=\"widget\" data-settings=\"{&quot;_animation&quot;:&quot;fadeInUp&quot;}\" data-widget_type=\"heading.default\">\n\t\t\t\t<div class=\"elementor-widget-container\">\n\t\t\t\t\t<h2 class=\"elementor-heading-title elementor-size-default\">Roland Rei\u00dfmann przechodzi na emerytur\u0119 po 36 latach\n<\/h2>\t\t\t\t<\/div>\n\t\t\t\t<\/div>\n\t\t\t\t<div class=\"elementor-element elementor-element-ffaef65 elementor-invisible elementor-widget elementor-widget-text-editor\" data-id=\"ffaef65\" data-element_type=\"widget\" data-e-type=\"widget\" data-settings=\"{&quot;_animation&quot;:&quot;fadeInUp&quot;}\" data-widget_type=\"text-editor.default\">\n\t\t\t\t<div class=\"elementor-widget-container\">\n\t\t\t\t\t\t\t\t\t<p>W <strong>1986 roku pan Rei\u00dfmann do\u0142\u0105czy\u0142 do Linseis Messger\u00e4te GmbH w Selb jako \u015bwie\u017co upieczony in\u017cynier<\/strong>. Od tego czasu by\u0142 odpowiedzialny za kilka wa\u017cnych obszar\u00f3w. W tym czasie firma by\u0142a nadal zarz\u0105dzana przez dr Linseisa i jego \u017con\u0119.  <\/p><p>Pierwsze kilka lat sp\u0119dzi\u0142 na wspieraniu bran\u017cy rejestrator\u00f3w i akwizycji danych, kt\u00f3ra w tamtym czasie by\u0142a bardzo silna. By\u0142 to pocz\u0105tek szeroko zakrojonej cyfryzacji rejestracji danych, kt\u00f3ra do tego czasu by\u0142a ca\u0142kowicie analogowa na papierze.<br>Od tego momentu nadal by\u0142 zaanga\u017cowany w cyfryzacj\u0119 wszystkich naszych projekt\u00f3w rejestracji danych. Z jednej strony zbudowano samodzielny sprz\u0119t nagrywaj\u0105cy, kt\u00f3ry nast\u0119pnie pod\u0142\u0105czono za pomoc\u0105 karty wtykowej lub innego cyfrowego po\u0142\u0105czenia do powszechnie u\u017cywanych w tym czasie komputer\u00f3w, takich jak Apple 2E.  <\/p><p>Nast\u0119pnie zacz\u0105\u0142 planowa\u0107 specjalne urz\u0105dzenia z klientami, a nast\u0119pnie instalowa\u0107 je na ca\u0142ym \u015bwiecie. W tym kontek\u015bcie podr\u00f3\u017cowa\u0142 do ponad 30 kraj\u00f3w na ca\u0142ym \u015bwiecie, aby zainstalowa\u0107 urz\u0105dzenia pomiarowe do analizy termicznej zbudowane przez Linseis w Niemczech, kt\u00f3re zosta\u0142y pierwotnie opracowane przez dr Maximiliana Linseisa, oraz aby poinstruowa\u0107 klient\u00f3w na temat tych urz\u0105dze\u0144. <\/p><p>Cz\u0119sto podr\u00f3\u017cowa\u0142 do USA, aby realizowa\u0107 zam\u00f3wienia dla Linseis Inc USA. Cz\u0119sto podr\u00f3\u017cowa\u0142 r\u00f3wnie\u017c do Chin, gdzie Linseis ma obecnie sp\u00f3\u0142k\u0119 w Szanghaju, Korei, Indii i RPA, a tak\u017ce do wielu kraj\u00f3w europejskich. <\/p><p>Zw\u0142aszcza w krajach takich jak Indie trzeba by\u0142o by\u0107 bardzo elastycznym, aby dostosowa\u0107 si\u0119 do bardzo r\u00f3\u017cnych warunk\u00f3w, a tak\u017ce innych warunk\u00f3w spo\u0142ecznych, kulturowych i gastronomicznych.<\/p><p>Po wielu latach intensywnych podr\u00f3\u017cy, podczas kt\u00f3rych m\u00f3g\u0142 wykorzysta\u0107 swoj\u0105 rozleg\u0142\u0105 wiedz\u0119 i dobre wyszkolenie, uzgodniono, \u017ce wykorzysta swoj\u0105 szerok\u0105 wiedz\u0119 przez reszt\u0119 swojego czasu w g\u0142\u00f3wnym zak\u0142adzie w Selb.<\/p><p>Zajmowa\u0142 si\u0119 g\u0142\u00f3wnie projektowaniem i rozwojem maszyn specjalnych.<br>Zaowocowa\u0142o to wieloma kontaktami z klientami na ca\u0142ym \u015bwiecie, ze specjalistami, kt\u00f3rzy zawsze ch\u0119tnie kontaktowali si\u0119 z nim i korzystali z jego wiedzy.<\/p><p>\u017byczymy panu Rei\u00dfmannowi zdrowia, szcz\u0119\u015bcia i zadowolenia na emeryturze i dzi\u0119kujemy mu za d\u0142ugi czas, przez kt\u00f3ry by\u0142 nam lojalny.<\/p>\t\t\t\t\t\t\t\t<\/div>\n\t\t\t\t<\/div>\n\t\t\t\t<div class=\"elementor-element elementor-element-8a1d763 elementor-widget elementor-widget-spacer\" data-id=\"8a1d763\" data-element_type=\"widget\" data-e-type=\"widget\" data-widget_type=\"spacer.default\">\n\t\t\t\t<div class=\"elementor-widget-container\">\n\t\t\t\t\t\t\t<div class=\"elementor-spacer\">\n\t\t\t<div class=\"elementor-spacer-inner\"><\/div>\n\t\t<\/div>\n\t\t\t\t\t\t<\/div>\n\t\t\t\t<\/div>\n\t\t\t\t\t<\/div>\n\t\t\t\t<\/div>\n\t\t\t\t<\/div>\n\t\t","protected":false},"excerpt":{"rendered":"<p>Roland Rei\u00dfmann przechodzi na emerytur\u0119 po 36 latach. W 1986 roku pan Rei\u00dfmann do\u0142\u0105czy\u0142 do Linseis Messger\u00e4te GmbH w Selb jako \u015bwie\u017co upieczony in\u017cynier.   <\/p>\n","protected":false},"author":3,"featured_media":34169,"comment_status":"closed","ping_status":"closed","sticky":false,"template":"","format":"standard","meta":{"_acf_changed":false,"inline_featured_image":false,"footnotes":""},"categories":[597],"tags":[],"class_list":["post-101594","post","type-post","status-publish","format-standard","has-post-thumbnail","hentry","category-najnowsze-wiadomosci"],"acf":[],"_links":{"self":[{"href":"https:\/\/www.linseis.com\/pl\/wp-json\/wp\/v2\/posts\/101594","targetHints":{"allow":["GET"]}}],"collection":[{"href":"https:\/\/www.linseis.com\/pl\/wp-json\/wp\/v2\/posts"}],"about":[{"href":"https:\/\/www.linseis.com\/pl\/wp-json\/wp\/v2\/types\/post"}],"author":[{"embeddable":true,"href":"https:\/\/www.linseis.com\/pl\/wp-json\/wp\/v2\/users\/3"}],"replies":[{"embeddable":true,"href":"https:\/\/www.linseis.com\/pl\/wp-json\/wp\/v2\/comments?post=101594"}],"version-history":[{"count":0,"href":"https:\/\/www.linseis.com\/pl\/wp-json\/wp\/v2\/posts\/101594\/revisions"}],"wp:featuredmedia":[{"embeddable":true,"href":"https:\/\/www.linseis.com\/pl\/wp-json\/wp\/v2\/media\/34169"}],"wp:attachment":[{"href":"https:\/\/www.linseis.com\/pl\/wp-json\/wp\/v2\/media?parent=101594"}],"wp:term":[{"taxonomy":"category","embeddable":true,"href":"https:\/\/www.linseis.com\/pl\/wp-json\/wp\/v2\/categories?post=101594"},{"taxonomy":"post_tag","embeddable":true,"href":"https:\/\/www.linseis.com\/pl\/wp-json\/wp\/v2\/tags?post=101594"}],"curies":[{"name":"wp","href":"https:\/\/api.w.org\/{rel}","templated":true}]}}