{"id":41315,"date":"2024-07-22T08:32:34","date_gmt":"2024-07-22T06:32:34","guid":{"rendered":"https:\/\/www.linseis.com\/apercu-en-temps-reel-de-la-croissance-du-grain-grace-a-la-technologie-non-destructive-de-controle-non-destructif-par-ultrasons-laser\/"},"modified":"2025-08-07T07:27:27","modified_gmt":"2025-08-07T05:27:27","slug":"apercu-en-temps-reel-de-la-croissance-du-grain-grace-a-la-technologie-non-destructive-de-controle-non-destructif-par-ultrasons-laser","status":"publish","type":"post","link":"https:\/\/www.linseis.com\/fr\/connaissance\/apercu-en-temps-reel-de-la-croissance-du-grain-grace-a-la-technologie-non-destructive-de-controle-non-destructif-par-ultrasons-laser\/","title":{"rendered":"Aper\u00e7u en temps r\u00e9el de la croissance du grain gr\u00e2ce \u00e0 la technologie non destructive de contr\u00f4le non destructif par ultrasons laser"},"content":{"rendered":"\t\t<div data-elementor-type=\"wp-post\" data-elementor-id=\"41315\" class=\"elementor elementor-41315 elementor-14577\" data-elementor-post-type=\"post\">\n\t\t\t\t<div class=\"elementor-element elementor-element-9eb8745 e-flex e-con-boxed elementor-invisible e-con e-parent\" data-id=\"9eb8745\" data-element_type=\"container\" data-e-type=\"container\" data-settings=\"{&quot;animation&quot;:&quot;fadeInUp&quot;}\">\n\t\t\t\t\t<div class=\"e-con-inner\">\n\t\t\t\t<div class=\"elementor-element elementor-element-ffaef65 elementor-widget elementor-widget-text-editor\" data-id=\"ffaef65\" data-element_type=\"widget\" data-e-type=\"widget\" data-widget_type=\"text-editor.default\">\n\t\t\t\t<div class=\"elementor-widget-container\">\n\t\t\t\t\t\t\t\t\t<p>En coop\u00e9ration avec Linseis Messger\u00e4te GmbH et <a href=\"https:\/\/www.recendt.at\/en\/\" target=\"_blank\" rel=\"noopener\"><strong>RECENDT GmbH (Centre de recherche pour les essais non destructifs GmbH)<\/strong><\/a>un syst\u00e8me de d\u00e9termination de la taille des grains en temps r\u00e9el bas\u00e9 sur un syst\u00e8me de dilatom\u00e8tre <a href=\"https:\/\/www.linseis.com\/fr\/produits\/dilatometrie\/dil-l78-quenching-dilatometer\/\"><strong>(DIL L78\/RITA)<\/strong><\/a> et d&rsquo;un syst\u00e8me <a href=\"https:\/\/www.recendt.at\/de\/LUS.html\" target=\"_blank\" rel=\"noopener\"><strong>sonique \u00e0 ultrasons laser (LUS)<\/strong><\/a> a \u00e9t\u00e9 mis au point.<\/p><p>La taille des grains est d\u00e9termin\u00e9e comme suit \u00e0 partir des donn\u00e9es LUS :<\/p><p>La technologie CND non destructive \u00ab\u00a0laser-ultrasons\u00a0\u00bb (LUS) permet une analyse in situ de la taille des grains sur la base d&rsquo;une \u00e9valuation de l&rsquo;att\u00e9nuation des ultrasons en fonction de la fr\u00e9quence \ud835\udefc(\ud835\udc53), qui est principalement caus\u00e9e par la diffusion aux limites des grains en raison de la m\u00e9thode appliqu\u00e9e.<\/p><p>L&rsquo;att\u00e9nuation des ultrasons en fonction de la fr\u00e9quence est mod\u00e9lis\u00e9e \u00e0 l&rsquo;aide de la loi de puissance suivante :<\/p>\t\t\t\t\t\t\t\t<\/div>\n\t\t\t\t<\/div>\n\t\t\t\t<div class=\"elementor-element elementor-element-31c7aa7 elementor-widget__width-initial elementor-widget elementor-widget-text-editor\" data-id=\"31c7aa7\" data-element_type=\"widget\" data-e-type=\"widget\" data-widget_type=\"text-editor.default\">\n\t\t\t\t<div class=\"elementor-widget-container\">\n\t\t\t\t\t\t\t\t\t<p><b>\ud835\udefc(\ud835\udc53)=\ud835\udc4e+\ud835\udc4f\ud835\udc53\ud835\udc5b<\/b><\/p>\n\t\t\t\t\t\t\t\t<\/div>\n\t\t\t\t<\/div>\n\t\t\t\t<div class=\"elementor-element elementor-element-3ec34fc elementor-widget elementor-widget-text-editor\" data-id=\"3ec34fc\" data-element_type=\"widget\" data-e-type=\"widget\" data-widget_type=\"text-editor.default\">\n\t\t\t\t<div class=\"elementor-widget-container\">\n\t\t\t\t\t\t\t\t\t<p>Le coefficient d&rsquo;att\u00e9nuation \ud835\udefc(\ud835\udc53) est compos\u00e9 d&rsquo;un coefficient d&rsquo;absorption \ud835\udc4e, d&rsquo;un coefficient de diffusion \ud835\udc4f, de la fr\u00e9quence \ud835\udc53 et de l&rsquo;exposant \ud835\udc5b, o\u00f9 le coefficient d&rsquo;absorption d\u00e9crit les pertes par frottement interne et le coefficient de diffusion est le param\u00e8tre int\u00e9ressant de la taille des grains (proportionnel \u00e0 la taille moyenne des grains).\nL&rsquo;exposant \ud835\udc5b r\u00e9sulte du rapport entre la longueur d&rsquo;onde acoustique et la taille moyenne des grains, o\u00f9 l&rsquo;on peut distinguer trois types de diffusion : Rayleigh (\ud835\udc5b=4), stochastique (\ud835\udc5b=2) et g\u00e9om\u00e9trique[1]. <\/p>\n\t\t\t\t\t\t\t\t<\/div>\n\t\t\t\t<\/div>\n\t\t\t\t<div class=\"elementor-element elementor-element-e3afa31 elementor-widget elementor-widget-spacer\" data-id=\"e3afa31\" data-element_type=\"widget\" data-e-type=\"widget\" data-widget_type=\"spacer.default\">\n\t\t\t\t<div class=\"elementor-widget-container\">\n\t\t\t\t\t\t\t<div class=\"elementor-spacer\">\n\t\t\t<div class=\"elementor-spacer-inner\"><\/div>\n\t\t<\/div>\n\t\t\t\t\t\t<\/div>\n\t\t\t\t<\/div>\n\t\t\t\t<div class=\"elementor-element elementor-element-ee1fb18 elementor-widget elementor-widget-spacer\" data-id=\"ee1fb18\" data-element_type=\"widget\" data-e-type=\"widget\" data-widget_type=\"spacer.default\">\n\t\t\t\t<div class=\"elementor-widget-container\">\n\t\t\t\t\t\t\t<div class=\"elementor-spacer\">\n\t\t\t<div class=\"elementor-spacer-inner\"><\/div>\n\t\t<\/div>\n\t\t\t\t\t\t<\/div>\n\t\t\t\t<\/div>\n\t\t\t\t<div class=\"elementor-element elementor-element-035a4e5 elementor-widget elementor-widget-spacer\" data-id=\"035a4e5\" data-element_type=\"widget\" data-e-type=\"widget\" data-widget_type=\"spacer.default\">\n\t\t\t\t<div class=\"elementor-widget-container\">\n\t\t\t\t\t\t\t<div class=\"elementor-spacer\">\n\t\t\t<div class=\"elementor-spacer-inner\"><\/div>\n\t\t<\/div>\n\t\t\t\t\t\t<\/div>\n\t\t\t\t<\/div>\n\t\t\t\t<div class=\"elementor-element elementor-element-89cdaf6 elementor-widget elementor-widget-text-editor\" data-id=\"89cdaf6\" data-element_type=\"widget\" data-e-type=\"widget\" data-widget_type=\"text-editor.default\">\n\t\t\t\t<div class=\"elementor-widget-container\">\n\t\t\t\t\t\t\t\t\t<p>La relation entre le coefficient de diffusion et la taille de grain d&rsquo;int\u00e9r\u00eat \ud835\udc37 est mod\u00e9lis\u00e9e comme suit :<\/p>\n\t\t\t\t\t\t\t\t<\/div>\n\t\t\t\t<\/div>\n\t\t\t\t<div class=\"elementor-element elementor-element-ced3acc elementor-widget__width-initial elementor-widget elementor-widget-text-editor\" data-id=\"ced3acc\" data-element_type=\"widget\" data-e-type=\"widget\" data-widget_type=\"text-editor.default\">\n\t\t\t\t<div class=\"elementor-widget-container\">\n\t\t\t\t\t\t\t\t\t<p><strong>\ud835\udefc(\ud835\udc53)=\ud835\udc4e+\ud835\udc36 (\ud835\udc37-\ud835\udc370)\ud835\udc5b-1 \ud835\udc53\ud835\udc5b<\/strong><\/p>\n\t\t\t\t\t\t\t\t<\/div>\n\t\t\t\t<\/div>\n\t\t\t\t<div class=\"elementor-element elementor-element-d7e0cf7 elementor-widget elementor-widget-text-editor\" data-id=\"d7e0cf7\" data-element_type=\"widget\" data-e-type=\"widget\" data-widget_type=\"text-editor.default\">\n\t\t\t\t<div class=\"elementor-widget-container\">\n\t\t\t\t\t\t\t\t\t<p>Le coefficient de diffusion \ud835\udc4f est le produit du param\u00e8tre \ud835\udc36 d\u00e9pendant du mat\u00e9riau et du changement relatif de la taille moyenne des grains \ud835\udc37-\ud835\udc370 (\ud835\udc370 &#8211; taille des grains de l&rsquo;\u00e9tat initial).\nLe param\u00e8tre \ud835\udc36 est obtenu par \u00e9talonnage du mod\u00e8le \u00e0 l&rsquo;aide des valeurs de taille moyenne des grains obtenues par micrographie dans certaines conditions de temp\u00e9rature [2]. <\/p>\n<p>Les mesures par ultrasons laser et l&rsquo;analyse des donn\u00e9es \u00e0 l&rsquo;aide de ce mod\u00e8le d&rsquo;att\u00e9nuation donnent un aper\u00e7u en temps r\u00e9el (in situ) de la croissance des grains d&rsquo;un mat\u00e9riau au cours des cycles thermiques.\nLa figure 2 montre une comparaison impressionnante de ces r\u00e9sultats LUS en temps r\u00e9el (points) avec plusieurs analyses de micrographie qui prennent du temps (marques X color\u00e9es). <\/p>\n\t\t\t\t\t\t\t\t<\/div>\n\t\t\t\t<\/div>\n\t\t\t\t<div class=\"elementor-element elementor-element-c0d73d8 elementor-widget__width-initial elementor-widget elementor-widget-image\" data-id=\"c0d73d8\" data-element_type=\"widget\" data-e-type=\"widget\" data-widget_type=\"image.default\">\n\t\t\t\t<div class=\"elementor-widget-container\">\n\t\t\t\t\t\t\t\t\t\t\t\t<figure class=\"wp-caption\">\n\t\t\t\t\t\t\t\t\t\t<img fetchpriority=\"high\" decoding=\"async\" width=\"800\" height=\"446\" src=\"https:\/\/www.linseis.com\/wp-content\/uploads\/2024\/08\/Plain-carbon-steel-AISI-1045-01-1024x571.png\" class=\"attachment-large size-large wp-image-26456\" alt=\"\" srcset=\"https:\/\/www.linseis.com\/wp-content\/uploads\/2024\/08\/Plain-carbon-steel-AISI-1045-01-1024x571.png 1024w, https:\/\/www.linseis.com\/wp-content\/uploads\/2024\/08\/Plain-carbon-steel-AISI-1045-01-300x167.png 300w, https:\/\/www.linseis.com\/wp-content\/uploads\/2024\/08\/Plain-carbon-steel-AISI-1045-01-768x428.png 768w, https:\/\/www.linseis.com\/wp-content\/uploads\/2024\/08\/Plain-carbon-steel-AISI-1045-01-1536x857.png 1536w, https:\/\/www.linseis.com\/wp-content\/uploads\/2024\/08\/Plain-carbon-steel-AISI-1045-01-2048x1142.png 2048w\" sizes=\"(max-width: 800px) 100vw, 800px\" \/>\t\t\t\t\t\t\t\t\t\t\t<figcaption class=\"widget-image-caption wp-caption-text\">Comparaison des calculs en temps r\u00e9el de la taille des grains par laser ultrason (points) avec l'analyse micrographique d'\u00e9chantillons tremp\u00e9s (marques X color\u00e9es) d'acier ordinaire au carbone AISI 1045.<\/figcaption>\n\t\t\t\t\t\t\t\t\t\t<\/figure>\n\t\t\t\t\t\t\t\t\t<\/div>\n\t\t\t\t<\/div>\n\t\t\t\t<div class=\"elementor-element elementor-element-eeb9cf5 elementor-widget elementor-widget-heading\" data-id=\"eeb9cf5\" data-element_type=\"widget\" data-e-type=\"widget\" data-widget_type=\"heading.default\">\n\t\t\t\t<div class=\"elementor-widget-container\">\n\t\t\t\t\t<h4 class=\"elementor-heading-title elementor-size-default\">Citations :<\/h4>\t\t\t\t<\/div>\n\t\t\t\t<\/div>\n\t\t\t\t<div class=\"elementor-element elementor-element-d20d592 elementor-widget elementor-widget-text-editor\" data-id=\"d20d592\" data-element_type=\"widget\" data-e-type=\"widget\" data-widget_type=\"text-editor.default\">\n\t\t\t\t<div class=\"elementor-widget-container\">\n\t\t\t\t\t\t\t\t\t<p>[1] S. Sarkar, A. Moreau, M. Militzer et W. J. Poole, \u00ab\u00a0Evolution of austenite recrystallization and grain growth using laser ultrasonics,\u00a0\u00bb Metall. Mater. Trans. A Phys. Metall. Mater. Sci., vol. 39 A, no. 4, pp. 897-907, 2008, doi : 10.1007\/s11661-007-9461-6.<\/p>\n<p>[2] T. Garcin, J. H. Schmitt et M. Militzer, \u00ab\u00a0In-situ laser ultrasonic grain size measurement in superalloy INCONEL 718\u00a0\u00bb, J. Alloys Compd., vol. 670, pp. 329-336, 2016, doi : 10.1016\/j.jallcom.2016.01.222.<\/p>\n\t\t\t\t\t\t\t\t<\/div>\n\t\t\t\t<\/div>\n\t\t\t\t<div class=\"elementor-element elementor-element-f82ca94 elementor-widget elementor-widget-spacer\" data-id=\"f82ca94\" data-element_type=\"widget\" data-e-type=\"widget\" data-widget_type=\"spacer.default\">\n\t\t\t\t<div class=\"elementor-widget-container\">\n\t\t\t\t\t\t\t<div class=\"elementor-spacer\">\n\t\t\t<div class=\"elementor-spacer-inner\"><\/div>\n\t\t<\/div>\n\t\t\t\t\t\t<\/div>\n\t\t\t\t<\/div>\n\t\t\t\t\t<\/div>\n\t\t\t\t<\/div>\n\t\t\t\t<\/div>\n\t\t","protected":false},"excerpt":{"rendered":"<p>En coop\u00e9ration avec Linseis Messger\u00e4te GmbH et RECENDT GmbH (Research Center for Non-Destructive Testing GmbH), un syst\u00e8me de d\u00e9termination de la taille des grains en temps r\u00e9el bas\u00e9 sur un syst\u00e8me de dilatom\u00e8tre (DIL L78\/RITA) et un syst\u00e8me laser-ultrason adapt\u00e9 (LUS) a \u00e9t\u00e9 mis au point.<\/p>\n","protected":false},"author":3,"featured_media":14581,"comment_status":"closed","ping_status":"closed","sticky":false,"template":"","format":"standard","meta":{"_acf_changed":false,"inline_featured_image":false,"footnotes":""},"categories":[187],"tags":[],"class_list":["post-41315","post","type-post","status-publish","format-standard","has-post-thumbnail","hentry","category-connaissance"],"acf":[],"_links":{"self":[{"href":"https:\/\/www.linseis.com\/fr\/wp-json\/wp\/v2\/posts\/41315","targetHints":{"allow":["GET"]}}],"collection":[{"href":"https:\/\/www.linseis.com\/fr\/wp-json\/wp\/v2\/posts"}],"about":[{"href":"https:\/\/www.linseis.com\/fr\/wp-json\/wp\/v2\/types\/post"}],"author":[{"embeddable":true,"href":"https:\/\/www.linseis.com\/fr\/wp-json\/wp\/v2\/users\/3"}],"replies":[{"embeddable":true,"href":"https:\/\/www.linseis.com\/fr\/wp-json\/wp\/v2\/comments?post=41315"}],"version-history":[{"count":0,"href":"https:\/\/www.linseis.com\/fr\/wp-json\/wp\/v2\/posts\/41315\/revisions"}],"wp:featuredmedia":[{"embeddable":true,"href":"https:\/\/www.linseis.com\/fr\/wp-json\/wp\/v2\/media\/14581"}],"wp:attachment":[{"href":"https:\/\/www.linseis.com\/fr\/wp-json\/wp\/v2\/media?parent=41315"}],"wp:term":[{"taxonomy":"category","embeddable":true,"href":"https:\/\/www.linseis.com\/fr\/wp-json\/wp\/v2\/categories?post=41315"},{"taxonomy":"post_tag","embeddable":true,"href":"https:\/\/www.linseis.com\/fr\/wp-json\/wp\/v2\/tags?post=41315"}],"curies":[{"name":"wp","href":"https:\/\/api.w.org\/{rel}","templated":true}]}}