{"id":41299,"date":"2024-07-22T10:03:49","date_gmt":"2024-07-22T08:03:49","guid":{"rendered":"https:\/\/www.linseis.com\/caracterisation-des-materiaux-photovoltaiques-par-la-mesure-de-la-tension-de-hall\/"},"modified":"2025-08-06T14:30:22","modified_gmt":"2025-08-06T12:30:22","slug":"caracterisation-des-materiaux-photovoltaiques-par-la-mesure-de-la-tension-de-hall","status":"publish","type":"post","link":"https:\/\/www.linseis.com\/fr\/connaissance\/caracterisation-des-materiaux-photovoltaiques-par-la-mesure-de-la-tension-de-hall\/","title":{"rendered":"Caract\u00e9risation des mat\u00e9riaux photovolta\u00efques par la mesure de la tension de Hall"},"content":{"rendered":"\t\t<div data-elementor-type=\"wp-post\" data-elementor-id=\"41299\" class=\"elementor elementor-41299 elementor-14946\" data-elementor-post-type=\"post\">\n\t\t\t\t<div class=\"elementor-element elementor-element-9eb8745 e-flex e-con-boxed elementor-invisible e-con e-parent\" data-id=\"9eb8745\" data-element_type=\"container\" data-e-type=\"container\" data-settings=\"{&quot;animation&quot;:&quot;fadeInUp&quot;}\">\n\t\t\t\t\t<div class=\"e-con-inner\">\n\t\t\t\t<div class=\"elementor-element elementor-element-ffaef65 elementor-widget elementor-widget-text-editor\" data-id=\"ffaef65\" data-element_type=\"widget\" data-e-type=\"widget\" data-widget_type=\"text-editor.default\">\n\t\t\t\t<div class=\"elementor-widget-container\">\n\t\t\t\t\t\t\t\t\t<p>La mobilit\u00e9 des porteurs de charge dans les mat\u00e9riaux semi-conducteurs est un param\u00e8tre important pour l&rsquo;utilisation des cellules solaires.\nLa lumi\u00e8re qui tombe sur une cellule solaire g\u00e9n\u00e8re des porteurs de charge libres qui produisent une tension \u00e9lectrique sur les \u00e9lectrodes.\nLa mobilit\u00e9 des porteurs de charge dans le mat\u00e9riau d\u00e9termine le flux de courant dans la cellule et influence donc son rendement utilisable.  <\/p>\n<p>Les semi-conducteurs utilis\u00e9s dans les syst\u00e8mes photovolta\u00efques pr\u00e9sentent naturellement une faible mobilit\u00e9 ; pour le silicium polycristallin des cellules solaires, elle est de 1 000 \u00e0 10 000 fois inf\u00e9rieure \u00e0 celle du silicium de haute puret\u00e9, n\u00e9cessaire \u00e0 la fabrication des composants.<\/p>\n<p>La mobilit\u00e9 des porteurs de charge dans les semi-conducteurs peut \u00eatre mesur\u00e9e \u00e0 l&rsquo;aide de l&rsquo;effet Hall, conform\u00e9ment \u00e0 la norme ASTM F76-08.\nLe type (\u00e9lectrons ou trous) et la densit\u00e9 des porteurs de charge ainsi que leur mobilit\u00e9 dans le mat\u00e9riau peuvent \u00eatre d\u00e9termin\u00e9s par une mesure de la r\u00e9sistance.\nBien que la mesure dans un champ magn\u00e9tique constant (DC) soit tr\u00e8s r\u00e9pandue, elle n&rsquo;est pas adapt\u00e9e \u00e0 la mesure pr\u00e9cise des mat\u00e9riaux \u00e0 faible mobilit\u00e9, tels que ceux utilis\u00e9s dans la technologie des cellules solaires, la thermo\u00e9lectricit\u00e9 ou l&rsquo;\u00e9lectronique organique.  <\/p>\n\t\t\t\t\t\t\t\t<\/div>\n\t\t\t\t<\/div>\n\t\t\t\t<div class=\"elementor-element elementor-element-b86c14f elementor-widget elementor-widget-heading\" data-id=\"b86c14f\" data-element_type=\"widget\" data-e-type=\"widget\" data-widget_type=\"heading.default\">\n\t\t\t\t<div class=\"elementor-widget-container\">\n\t\t\t\t\t<h2 class=\"elementor-heading-title elementor-size-default\">Effet Hall et mesures<\/h2>\t\t\t\t<\/div>\n\t\t\t\t<\/div>\n\t\t\t\t<div class=\"elementor-element elementor-element-e710876 elementor-widget elementor-widget-text-editor\" data-id=\"e710876\" data-element_type=\"widget\" data-e-type=\"widget\" data-widget_type=\"text-editor.default\">\n\t\t\t\t<div class=\"elementor-widget-container\">\n\t\t\t\t\t\t\t\t\t<p>Edwin Herbert Hall a d\u00e9couvert l&rsquo;effet Hall, qui porte son nom, en 1879.\nIl a observ\u00e9 que le courant dans un conducteur peut \u00eatre influenc\u00e9 par un champ magn\u00e9tique externe. <\/p>\n<p>Si un conducteur (semi) porteur de courant est travers\u00e9 perpendiculairement par un champ magn\u00e9tique, la force de Lorentz provoque une composante de force qui agit perpendiculairement \u00e0 la direction du mouvement de la charge, de sorte que les porteurs de charge sont d\u00e9vi\u00e9s sur une trajectoire circulaire.\nCela cr\u00e9e un gradient de concentration des porteurs de charge \u00e0 l&rsquo;int\u00e9rieur du conducteur dans le sens du courant.\nIl y a un manque d&rsquo;\u00e9lectrons d&rsquo;un c\u00f4t\u00e9 du conducteur et une accumulation de porteurs de charge du c\u00f4t\u00e9 oppos\u00e9.\nLa tension qui en r\u00e9sulte est appel\u00e9e tension de Hall UH.\nElle d\u00e9pend de l&rsquo;intensit\u00e9 du courant I, de la densit\u00e9 du flux magn\u00e9tique B, de l&rsquo;\u00e9paisseur de l&rsquo;\u00e9chantillon d et d&rsquo;une constante du mat\u00e9riau, le coefficient de Hall AH.    <\/p>\n\t\t\t\t\t\t\t\t<\/div>\n\t\t\t\t<\/div>\n\t\t\t\t<div class=\"elementor-element elementor-element-c3c2610 elementor-widget elementor-widget-text-editor\" data-id=\"c3c2610\" data-element_type=\"widget\" data-e-type=\"widget\" data-widget_type=\"text-editor.default\">\n\t\t\t\t<div class=\"elementor-widget-container\">\n\t\t\t\t\t\t\t\t\t<p><span style=\"text-decoration: underline;\">\u00c9quation 1 :<\/span><\/p>\n\t\t\t\t\t\t\t\t<\/div>\n\t\t\t\t<\/div>\n\t\t\t\t<div class=\"elementor-element elementor-element-eac9a92 elementor-widget__width-initial elementor-widget elementor-widget-image\" data-id=\"eac9a92\" data-element_type=\"widget\" data-e-type=\"widget\" data-widget_type=\"image.default\">\n\t\t\t\t<div class=\"elementor-widget-container\">\n\t\t\t\t\t\t\t\t\t\t\t\t\t\t\t<img decoding=\"async\" width=\"311\" height=\"108\" src=\"https:\/\/www.linseis.com\/wp-content\/uploads\/2024\/07\/Formel-Hall-Spannung.png\" class=\"attachment-large size-large wp-image-14977\" alt=\"\" srcset=\"https:\/\/www.linseis.com\/wp-content\/uploads\/2024\/07\/Formel-Hall-Spannung.png 311w, https:\/\/www.linseis.com\/wp-content\/uploads\/2024\/07\/Formel-Hall-Spannung-300x104.png 300w\" sizes=\"(max-width: 311px) 100vw, 311px\" \/>\t\t\t\t\t\t\t\t\t\t\t\t\t\t\t<\/div>\n\t\t\t\t<\/div>\n\t\t\t\t<div class=\"elementor-element elementor-element-33229bc elementor-widget elementor-widget-text-editor\" data-id=\"33229bc\" data-element_type=\"widget\" data-e-type=\"widget\" data-widget_type=\"text-editor.default\">\n\t\t\t\t<div class=\"elementor-widget-container\">\n\t\t\t\t\t\t\t\t\t<p>Si le coefficient de Hall a une valeur positive, il s&rsquo;agit d&rsquo;un \u00ab\u00a0conducteur \u00e0 trous\u00a0\u00bb (type p) ; dans la plupart des cas, une valeur n\u00e9gative signifie un conducteur \u00e0 \u00e9lectrons (type n).<\/p>\n<p>Les \u00e9quations 2 et 3 montrent d&rsquo;autres relations entre le coefficient de Hall <em><sub>AH<\/sub><\/em>, la r\u00e9sistance sp\u00e9cifique <em>\u03c1<\/em>, la densit\u00e9 de porteurs de charge <em>n<\/em> et la mobilit\u00e9 <em>\u03bc<\/em>, o\u00f9 <em>e<\/em> est la charge \u00e9l\u00e9mentaire.<\/p>\n\t\t\t\t\t\t\t\t<\/div>\n\t\t\t\t<\/div>\n\t\t\t\t<div class=\"elementor-element elementor-element-fca12a5 elementor-widget elementor-widget-text-editor\" data-id=\"fca12a5\" data-element_type=\"widget\" data-e-type=\"widget\" data-widget_type=\"text-editor.default\">\n\t\t\t\t<div class=\"elementor-widget-container\">\n\t\t\t\t\t\t\t\t\t<p><span style=\"text-decoration: underline;\">\u00c9quation 2 :<\/span><\/p>\n\t\t\t\t\t\t\t\t<\/div>\n\t\t\t\t<\/div>\n\t\t\t\t<div class=\"elementor-element elementor-element-a34b2e8 elementor-widget__width-initial elementor-widget elementor-widget-image\" data-id=\"a34b2e8\" data-element_type=\"widget\" data-e-type=\"widget\" data-widget_type=\"image.default\">\n\t\t\t\t<div class=\"elementor-widget-container\">\n\t\t\t\t\t\t\t\t\t\t\t\t\t\t\t<img decoding=\"async\" width=\"193\" height=\"108\" src=\"https:\/\/www.linseis.com\/wp-content\/uploads\/2024\/07\/Ladungstraegerdichte-Formel.png\" class=\"attachment-large size-large wp-image-14998\" alt=\"\" \/>\t\t\t\t\t\t\t\t\t\t\t\t\t\t\t<\/div>\n\t\t\t\t<\/div>\n\t\t\t\t<div class=\"elementor-element elementor-element-d8c4b13 elementor-widget elementor-widget-text-editor\" data-id=\"d8c4b13\" data-element_type=\"widget\" data-e-type=\"widget\" data-widget_type=\"text-editor.default\">\n\t\t\t\t<div class=\"elementor-widget-container\">\n\t\t\t\t\t\t\t\t\t<p><span style=\"text-decoration: underline;\">\u00c9quation 3 :<\/span><\/p>\n\t\t\t\t\t\t\t\t<\/div>\n\t\t\t\t<\/div>\n\t\t\t\t<div class=\"elementor-element elementor-element-3e961e9 elementor-widget__width-initial elementor-widget elementor-widget-image\" data-id=\"3e961e9\" data-element_type=\"widget\" data-e-type=\"widget\" data-widget_type=\"image.default\">\n\t\t\t\t<div class=\"elementor-widget-container\">\n\t\t\t\t\t\t\t\t\t\t\t\t\t\t\t<img decoding=\"async\" width=\"194\" height=\"111\" src=\"https:\/\/www.linseis.com\/wp-content\/uploads\/2024\/07\/Beweglichkeit-Formel.png\" class=\"attachment-large size-large wp-image-15005\" alt=\"\" \/>\t\t\t\t\t\t\t\t\t\t\t\t\t\t\t<\/div>\n\t\t\t\t<\/div>\n\t\t\t\t<div class=\"elementor-element elementor-element-515e57a elementor-widget elementor-widget-spacer\" data-id=\"515e57a\" data-element_type=\"widget\" data-e-type=\"widget\" data-widget_type=\"spacer.default\">\n\t\t\t\t<div class=\"elementor-widget-container\">\n\t\t\t\t\t\t\t<div class=\"elementor-spacer\">\n\t\t\t<div class=\"elementor-spacer-inner\"><\/div>\n\t\t<\/div>\n\t\t\t\t\t\t<\/div>\n\t\t\t\t<\/div>\n\t\t\t\t<div class=\"elementor-element elementor-element-986a55d elementor-widget elementor-widget-text-editor\" data-id=\"986a55d\" data-element_type=\"widget\" data-e-type=\"widget\" data-widget_type=\"text-editor.default\">\n\t\t\t\t<div class=\"elementor-widget-container\">\n\t\t\t\t\t\t\t\t\t<p>Dans des conditions d&rsquo;essai r\u00e9elles, la tension de Hall mesur\u00e9e U<sub>Hm<\/sub> peut \u00eatre influenc\u00e9e par une composante de tension de d\u00e9calage U<sub>O<\/sub> et une composante de tension thermo\u00e9lectrique <em><sub>Uth<\/sub><\/em>.<br \/>Une m\u00e9thode sp\u00e9ciale a \u00e9t\u00e9 mise au point pour \u00e9liminer les effets perturbateurs des tensions <em>U<sub>O<\/sub><\/em> et <em>U<sub>th<\/sub><\/em>.<br \/>La tension thermique peut \u00eatre \u00e9limin\u00e9e en changeant la direction du courant et en calculant la moyenne des valeurs absolues.<br \/>La tension de d\u00e9calage r\u00e9sulte de la g\u00e9om\u00e9trie de l&rsquo;\u00e9chantillon ; elle peut \u00eatre compens\u00e9e en inversant le champ magn\u00e9tique, car elle ne d\u00e9pend pas de la direction du champ.<\/p><p>\u00c9tant donn\u00e9 que la m\u00e9thode DC conduit souvent \u00e0 une d\u00e9termination incorrecte du type de porteur de charge et \u00e0 des r\u00e9sultats impr\u00e9cis pour la mobilit\u00e9 des mat\u00e9riaux \u00e0 faible mobilit\u00e9, un champ magn\u00e9tique alternatif ou un courant alternatif peut \u00eatre utilis\u00e9 \u00e0 la place.<br \/>En effet, alors que la tension de Hall devient une tension alternative, les composantes de tension continue <sub>UO<\/sub> et <sub>Uth<\/sub> peuvent \u00eatre supprim\u00e9es.<br \/>Les petites tensions de Hall peuvent \u00eatre mesur\u00e9es et les mat\u00e9riaux \u00e0 faible mobilit\u00e9 des porteurs de charge peuvent \u00eatre caract\u00e9ris\u00e9s, de sorte que les mat\u00e9riaux photovolta\u00efques, en particulier, peuvent \u00eatre \u00e9valu\u00e9s \u00e0 l&rsquo;aide de la m\u00e9thode CA.<\/p>\t\t\t\t\t\t\t\t<\/div>\n\t\t\t\t<\/div>\n\t\t\t\t<div class=\"elementor-element elementor-element-5cf3395 elementor-widget elementor-widget-spacer\" data-id=\"5cf3395\" data-element_type=\"widget\" data-e-type=\"widget\" data-widget_type=\"spacer.default\">\n\t\t\t\t<div class=\"elementor-widget-container\">\n\t\t\t\t\t\t\t<div class=\"elementor-spacer\">\n\t\t\t<div class=\"elementor-spacer-inner\"><\/div>\n\t\t<\/div>\n\t\t\t\t\t\t<\/div>\n\t\t\t\t<\/div>\n\t\t\t\t\t<\/div>\n\t\t\t\t<\/div>\n\t\t\t\t<\/div>\n\t\t","protected":false},"excerpt":{"rendered":"<p>Caract\u00e9risation des mat\u00e9riaux photovolta\u00efques &#8211; La mobilit\u00e9 des porteurs de charge dans les mat\u00e9riaux semi-conducteurs est un param\u00e8tre important pour leur utilisation dans les cellules solaires.<\/p>\n","protected":false},"author":3,"featured_media":14951,"comment_status":"closed","ping_status":"closed","sticky":false,"template":"","format":"standard","meta":{"_acf_changed":false,"inline_featured_image":false,"footnotes":""},"categories":[187],"tags":[],"class_list":["post-41299","post","type-post","status-publish","format-standard","has-post-thumbnail","hentry","category-connaissance"],"acf":[],"_links":{"self":[{"href":"https:\/\/www.linseis.com\/fr\/wp-json\/wp\/v2\/posts\/41299","targetHints":{"allow":["GET"]}}],"collection":[{"href":"https:\/\/www.linseis.com\/fr\/wp-json\/wp\/v2\/posts"}],"about":[{"href":"https:\/\/www.linseis.com\/fr\/wp-json\/wp\/v2\/types\/post"}],"author":[{"embeddable":true,"href":"https:\/\/www.linseis.com\/fr\/wp-json\/wp\/v2\/users\/3"}],"replies":[{"embeddable":true,"href":"https:\/\/www.linseis.com\/fr\/wp-json\/wp\/v2\/comments?post=41299"}],"version-history":[{"count":0,"href":"https:\/\/www.linseis.com\/fr\/wp-json\/wp\/v2\/posts\/41299\/revisions"}],"wp:featuredmedia":[{"embeddable":true,"href":"https:\/\/www.linseis.com\/fr\/wp-json\/wp\/v2\/media\/14951"}],"wp:attachment":[{"href":"https:\/\/www.linseis.com\/fr\/wp-json\/wp\/v2\/media?parent=41299"}],"wp:term":[{"taxonomy":"category","embeddable":true,"href":"https:\/\/www.linseis.com\/fr\/wp-json\/wp\/v2\/categories?post=41299"},{"taxonomy":"post_tag","embeddable":true,"href":"https:\/\/www.linseis.com\/fr\/wp-json\/wp\/v2\/tags?post=41299"}],"curies":[{"name":"wp","href":"https:\/\/api.w.org\/{rel}","templated":true}]}}